{"id":3322,"date":"2022-06-30T09:08:00","date_gmt":"2022-06-30T07:08:00","guid":{"rendered":"https:\/\/xtramagazine.it\/?p=3322"},"modified":"2022-07-04T09:09:07","modified_gmt":"2022-07-04T07:09:07","slug":"10-luxury-designs","status":"publish","type":"post","link":"https:\/\/xtramagazine.it\/it\/10-luxury-designs\/","title":{"rendered":"10 Luxury Design"},"content":{"rendered":"<h2 class=\"wp-block-heading\">Dalla Milano Design Week 2022<\/h2>\n\n\n\n<h2 class=\"wp-block-heading\">1) The House of Lyria<\/h2>\n\n\n\n<p>Lyria \u00e8 una tessitura di Prato, nel cuore dell\u2019industria tessile italiana. Nata nel 2002 da un\u2019idea di Riccardo Bruni, Lyria da 20 anni crea tessuti per i fashion designer di tutto il mondo, all\u2019insegna della sostenibilit\u00e0. Alla Milano Design Week 2022, The House of Lyria \u00e8 stata premiata per il terzo miglior allestimento alla prima edizione del Fuorisalone Award. La scenografia, a cura di Alessandra Anfuso, era all\u2019ultimo piano di E-Space, ad Alcova, e rappresentava un veliero. <\/p>\n\n\n\n<p class=\"has-text-align-right\"><em>Scopri <a href=\"https:\/\/xtramagazine.it\/it\/the-house-of-lyria\/\" data-type=\"post\" data-id=\"3285\">The House of Lyria<\/a><\/em><\/p>\n\n\n\n<p class=\"translation-block\">Journey into a Dream - questo il nome della scenografia - descriveva un mondo onirico in cui lo spettatore si muoveva tra luci e ombre, sogno e realt\u00e0, una nave in viaggio che conduce vero un porto in cui i tessuti rappresentano il carico della nave, ci\u00f2 che \u00e8 gi\u00e0 stato realizzato. E la nave, dunque, \u00e8 pronta per salpare di nuovo, verso altri lidi.  <a href=\"https:\/\/www.thehouseoflyria.com\/\" target=\"_blank\" rel=\"noreferrer noopener\"><strong>TheHouseofLyria.com<\/strong><\/a><\/p>\n\n\n\n<figure class=\"wp-block-image size-full\"><img fetchpriority=\"high\" decoding=\"async\" width=\"1000\" height=\"666\" src=\"https:\/\/xtramagazine.it\/wp-content\/uploads\/2022\/06\/LYRIA_ALCOVA_097.jpg\" alt=\"\" class=\"wp-image-3282\" title=\"\" srcset=\"https:\/\/xtramagazine.it\/wp-content\/uploads\/2022\/06\/LYRIA_ALCOVA_097.jpg 1000w, https:\/\/xtramagazine.it\/wp-content\/uploads\/2022\/06\/LYRIA_ALCOVA_097-300x200.jpg 300w, https:\/\/xtramagazine.it\/wp-content\/uploads\/2022\/06\/LYRIA_ALCOVA_097-768x511.jpg 768w, https:\/\/xtramagazine.it\/wp-content\/uploads\/2022\/06\/LYRIA_ALCOVA_097-18x12.jpg 18w\" sizes=\"(max-width: 1000px) 100vw, 1000px\" \/><\/figure>\n\n\n\n<h2 class=\"wp-block-heading\">2) Firmamento Milano<\/h2>\n\n\n\n<p>Michele Reginaldi disegna per Firmamento Milano, di Carlo Guglielmi, Ginevra, una lampada da tavolo a luce indiretta. <\/p>\n\n\n\n<p class=\"has-text-align-right\"><em>Scopri <a href=\"https:\/\/xtramagazine.it\/it\/firmamento-milano\/\" data-type=\"post\" data-id=\"3060\">Firmamento Milano<\/a><\/em><\/p>\n\n\n\n<p class=\"translation-block\">Ginevra non \u00e8 solo luce, ma anche una scultura con base in mogano massello e diffusore in acciaio verniciato che, una volta accesa, grazie a due fonti luminose, consente di ottenere una luce diretta verso l\u2019alto e due lembi di luce estremamente suggestivi ai lati del diffusore. (540x650 mm). (Foto MMenghi). (540\u00d7650 mm). (Photo MMenghi)\u00a0<a href=\"https:\/\/www.firmamentomilano.com\/\" target=\"_blank\" rel=\"noreferrer noopener\"><strong>Firmamentomilano.com<\/strong><\/a><\/p>\n\n\n\n<figure class=\"wp-block-image size-large\"><img decoding=\"async\" width=\"1024\" height=\"1024\" src=\"https:\/\/xtramagazine.it\/wp-content\/uploads\/2022\/06\/ginevra-descrittiva-1024x1024-1-1024x1024.jpeg\" alt=\"\" class=\"wp-image-3059\" title=\"\" srcset=\"https:\/\/xtramagazine.it\/wp-content\/uploads\/2022\/06\/ginevra-descrittiva-1024x1024-1.jpeg 1024w, https:\/\/xtramagazine.it\/wp-content\/uploads\/2022\/06\/ginevra-descrittiva-1024x1024-1-300x300.jpeg 300w, https:\/\/xtramagazine.it\/wp-content\/uploads\/2022\/06\/ginevra-descrittiva-1024x1024-1-150x150.jpeg 150w, https:\/\/xtramagazine.it\/wp-content\/uploads\/2022\/06\/ginevra-descrittiva-1024x1024-1-768x768.jpeg 768w, https:\/\/xtramagazine.it\/wp-content\/uploads\/2022\/06\/ginevra-descrittiva-1024x1024-1-12x12.jpeg 12w\" sizes=\"(max-width: 1024px) 100vw, 1024px\" \/><\/figure>\n\n\n\n<h2 class=\"wp-block-heading\">3) Arc by Rubinacci Napoli<\/h2>\n\n\n\n<p>Un elemento di arredo che non passer\u00e0 inosservato nel vostro soggiorno \u00e8 la poltrona Arc, di Hitoshi Makino per Rubinacci Napoli. <\/p>\n\n\n\n<p class=\"has-text-align-right translation-block\"><em>Scopri la <a href=\"https:\/\/xtramagazine.it\/it\/arc-rubinacci-napoli\/\" data-type=\"post\" data-id=\"2939\" target=\"_self\">collezione Arc di Rubinacci Napoli<\/a><\/em><em> <\/em><\/p>\n\n\n\n<p class=\"translation-block\">Rubinacci, brand napoletano specializzato nella produzione di arredamento in legno massello, ha debuttato al Salone del Mobile.Milano con la collezione di arredi Arc, che comprende una poltrona e un tavolino. <strong><a href=\"https:\/\/www.rubinaccinapoli.com\/\" target=\"_blank\" rel=\"noreferrer noopener\">Rubinaccinapoli.com<\/a><\/strong>.<\/p>\n\n\n\n<figure class=\"wp-block-image size-full\"><img decoding=\"async\" width=\"1000\" height=\"666\" src=\"https:\/\/xtramagazine.it\/wp-content\/uploads\/2022\/05\/Rubinacci-Napoli-Arc-Hitoshi-Makino-1.jpg\" alt=\"\" class=\"wp-image-2940\" title=\"\" srcset=\"https:\/\/xtramagazine.it\/wp-content\/uploads\/2022\/05\/Rubinacci-Napoli-Arc-Hitoshi-Makino-1.jpg 1000w, https:\/\/xtramagazine.it\/wp-content\/uploads\/2022\/05\/Rubinacci-Napoli-Arc-Hitoshi-Makino-1-300x200.jpg 300w, https:\/\/xtramagazine.it\/wp-content\/uploads\/2022\/05\/Rubinacci-Napoli-Arc-Hitoshi-Makino-1-768x511.jpg 768w, https:\/\/xtramagazine.it\/wp-content\/uploads\/2022\/05\/Rubinacci-Napoli-Arc-Hitoshi-Makino-1-18x12.jpg 18w\" sizes=\"(max-width: 1000px) 100vw, 1000px\" \/><\/figure>\n\n\n\n<h2 class=\"wp-block-heading\">4) La nuova Marzotto Interiors Collection<\/h2>\n\n\n\n<p>La missione della neonata collezione Marzotto Interiors \u00e8 interpretare la contemporaneit\u00e0 della casa attraverso i tessuti. La collezione, davvero molto ampia, comprende velluti jacquard, velluti uniti, tessuti jacquard in cotone, lana, lino e altre fibre. <\/p>\n\n\n\n<p class=\"has-text-align-right translation-block\"><em>Scopri la nuova<a href=\"https:\/\/xtramagazine.it\/it\/marzotto-interiors\/\" data-type=\"post\" data-id=\"2706\" target=\"_self\"> Collezione Marzotto Interiors<\/a><\/em><\/p>\n\n\n\n<p class=\"translation-block\">Un\u2019offerta ineguagliabile nel panorama attuale, per creativit\u00e0 e ampiezza. I velluti uniti e stampati, i velluti a pelo alto effetto fur dalla mano morbida, i tessuti realizzati con filati di materie prime naturali, come la canapa, il lino, la lana, creano un\u2019atmosfera accogliente e moderna, grazie anche a una palette di colori luminosi. \u00a0<a href=\"https:\/\/www.marzottogroup.it\/marzotto-lab\" target=\"_blank\" rel=\"noreferrer noopener\"><strong>MarzottoLab<\/strong><\/a><\/p>\n\n\n\n<figure class=\"wp-block-image size-full\"><img loading=\"lazy\" decoding=\"async\" width=\"750\" height=\"1000\" src=\"https:\/\/xtramagazine.it\/wp-content\/uploads\/2022\/04\/Marzotto-Interiors_Proposte-2022_12.jpg\" alt=\"\" class=\"wp-image-2705\" title=\"\" srcset=\"https:\/\/xtramagazine.it\/wp-content\/uploads\/2022\/04\/Marzotto-Interiors_Proposte-2022_12.jpg 750w, https:\/\/xtramagazine.it\/wp-content\/uploads\/2022\/04\/Marzotto-Interiors_Proposte-2022_12-225x300.jpg 225w, https:\/\/xtramagazine.it\/wp-content\/uploads\/2022\/04\/Marzotto-Interiors_Proposte-2022_12-9x12.jpg 9w\" sizes=\"(max-width: 750px) 100vw, 750px\" \/><\/figure>\n\n\n\n<h2 class=\"wp-block-heading\">5) Omphalos di Salvatori<\/h2>\n\n\n\n<p>Una delle novit\u00e0 pi\u00f9 recenti di Salvatori \u00e8 la collezione di tavoli in pietra naturale Omphalos, di John Pawson. Come \u00e8 noto, Omphalos \u00e8 una pietra leggendaria, che nella mitologia greca \u00e8 considerata l\u2019ombelico del mondo. Un omphalos dunque, un artefatto sacro di pietra, secondo gli antichi Greci metteva direttamente in comunicazione con gli dei.<\/p>\n\n\n\n<p class=\"has-text-align-right translation-block\"><em>Scopri <a href=\"https:\/\/xtramagazine.it\/it\/omphalos-salvatori\/\" data-type=\"post\" data-id=\"2096\" target=\"_self\">Omphalos, di Salvatori<\/a><\/em><\/p>\n\n\n\n<p class=\"translation-block\">L\u2019architetto inglese John Pawson, dunque, tra i fondatori del minimalismo in architettura contemporanea, ha scelto l\u2019Omphalos come ispirazione per i suoi tavoli, tondi, rettangolari o quadrati, manufatti che diventano il centro di attrazione, in un ambiente. <strong><a href=\"https:\/\/www.salvatoriofficial.com\/\" target=\"_blank\" rel=\"noreferrer noopener\">Salvatoriofficial.com<\/a><\/strong><\/p>\n\n\n\n<figure class=\"wp-block-image size-full\"><img loading=\"lazy\" decoding=\"async\" width=\"1003\" height=\"752\" src=\"https:\/\/xtramagazine.it\/wp-content\/uploads\/2022\/02\/tavolo_salvatori-tondo-1.jpg\" alt=\"\" class=\"wp-image-2098\" title=\"\" srcset=\"https:\/\/xtramagazine.it\/wp-content\/uploads\/2022\/02\/tavolo_salvatori-tondo-1.jpg 1003w, https:\/\/xtramagazine.it\/wp-content\/uploads\/2022\/02\/tavolo_salvatori-tondo-1-300x225.jpg 300w, https:\/\/xtramagazine.it\/wp-content\/uploads\/2022\/02\/tavolo_salvatori-tondo-1-768x576.jpg 768w, https:\/\/xtramagazine.it\/wp-content\/uploads\/2022\/02\/tavolo_salvatori-tondo-1-16x12.jpg 16w\" sizes=\"(max-width: 1003px) 100vw, 1003px\" \/><\/figure>\n\n\n\n<h2 class=\"wp-block-heading\">6) In a box: Arthur Arbesser x Abet Laminati<\/h2>\n\n\n\n<p>In a Box, la prima collezione di arredamento di Arthur Arbesser, comprende una sedia, un tavolino e un set di tre contenitori modulari, caratterizzati dai suoi motivi grafici. <\/p>\n\n\n\n<p class=\"has-text-align-right\"><em>Scopri <a href=\"https:\/\/xtramagazine.it\/it\/arthur-arbesser-milan-design-week-2022\/\" data-type=\"post\" data-id=\"3029\">In a box by Arthur Arbesser<\/a><\/em><\/p>\n\n\n\n<p class=\"translation-block\">PEMO, COVADO e TOITOITOI sono prodotti da De Rosso con il coordinamento di Mario Scairato, rivestiti in laminati della collezione WHIMSY, di Arthur Arbesser x Abet Laminati.  <strong><a href=\"https:\/\/arthurarbesser.com\/\" target=\"_blank\" rel=\"noreferrer noopener\">ArthurArbesser.com<\/a><\/strong><\/p>\n\n\n\n<figure class=\"wp-block-image size-large\"><img loading=\"lazy\" decoding=\"async\" width=\"682\" height=\"1024\" src=\"https:\/\/xtramagazine.it\/wp-content\/uploads\/2022\/05\/ARTHUR-ARBESSER_IN-A-BOX-19-682x1024.jpg\" alt=\"\" class=\"wp-image-3026\" title=\"\" srcset=\"https:\/\/xtramagazine.it\/wp-content\/uploads\/2022\/05\/ARTHUR-ARBESSER_IN-A-BOX-19-682x1024.jpg 682w, https:\/\/xtramagazine.it\/wp-content\/uploads\/2022\/05\/ARTHUR-ARBESSER_IN-A-BOX-19-200x300.jpg 200w, https:\/\/xtramagazine.it\/wp-content\/uploads\/2022\/05\/ARTHUR-ARBESSER_IN-A-BOX-19-768x1152.jpg 768w, https:\/\/xtramagazine.it\/wp-content\/uploads\/2022\/05\/ARTHUR-ARBESSER_IN-A-BOX-19-1024x1536.jpg 1024w, https:\/\/xtramagazine.it\/wp-content\/uploads\/2022\/05\/ARTHUR-ARBESSER_IN-A-BOX-19-8x12.jpg 8w, https:\/\/xtramagazine.it\/wp-content\/uploads\/2022\/05\/ARTHUR-ARBESSER_IN-A-BOX-19.jpg 1333w\" sizes=\"(max-width: 682px) 100vw, 682px\" \/><\/figure>\n\n\n\n<h2 class=\"wp-block-heading\">7) Pineider x Giorgetti<\/h2>\n\n\n\n<p>Due eccellenze del made in Italy si uniscono, per dare vita a una collezione di accessori e complementi raffinati, perfetti per la casa o per gli uffici. <\/p>\n\n\n\n<p class=\"has-text-align-right\"><em>Scopri <a href=\"https:\/\/xtramagazine.it\/it\/pineider-x-giorgetti\/\" data-type=\"post\" data-id=\"3231\">Pineider x Giorgetti<\/a><\/em><\/p>\n\n\n\n<p class=\"translation-block\">Giorgetti, produttore di arredamenti di alta gamma, e Pineider, maestro artigiano nella carta e cancelleria di eccellenza, hanno creato alcuni accessori per la collezione Atmosphere di Giorgetti. <strong><a href=\"https:\/\/www.giorgettimeda.com\/\" target=\"_blank\" rel=\"noreferrer noopener\">Giorgetti.com<\/a><\/strong><\/p>\n\n\n\n<figure class=\"wp-block-image size-large\"><img loading=\"lazy\" decoding=\"async\" width=\"1024\" height=\"683\" src=\"https:\/\/xtramagazine.it\/wp-content\/uploads\/2022\/06\/Giorgetti_GA_Organizer_002_WR-1024x683.jpg\" alt=\"\" class=\"wp-image-3226\" title=\"\" srcset=\"https:\/\/xtramagazine.it\/wp-content\/uploads\/2022\/06\/Giorgetti_GA_Organizer_002_WR-1024x683.jpg 1024w, https:\/\/xtramagazine.it\/wp-content\/uploads\/2022\/06\/Giorgetti_GA_Organizer_002_WR-300x200.jpg 300w, https:\/\/xtramagazine.it\/wp-content\/uploads\/2022\/06\/Giorgetti_GA_Organizer_002_WR-768x512.jpg 768w, https:\/\/xtramagazine.it\/wp-content\/uploads\/2022\/06\/Giorgetti_GA_Organizer_002_WR-1536x1024.jpg 1536w, https:\/\/xtramagazine.it\/wp-content\/uploads\/2022\/06\/Giorgetti_GA_Organizer_002_WR-18x12.jpg 18w, https:\/\/xtramagazine.it\/wp-content\/uploads\/2022\/06\/Giorgetti_GA_Organizer_002_WR.jpg 1800w\" sizes=\"(max-width: 1024px) 100vw, 1024px\" \/><\/figure>\n\n\n\n<h2 class=\"wp-block-heading\">8) La Lampada Arco: un'edizione limitata per i 60 anni<\/h2>\n\n\n\n<p>La lampada Arco, un\u2019icona del design made in Italy, compie sessant\u2019anni, e Flos celebra la ricorrenza con un\u2019edizione limitata, in 2022 pezzi numerati. Flos, inoltre, ha messo a punto un sistema di tracciabilit\u00e0 NFT crittografato, per garantire ai collezionisti che ogni pezzo numerato \u00e8 unico e originale.\u00a0<\/p>\n\n\n\n<p class=\"has-text-align-right translation-block\"><em>Scopri <a href=\"https:\/\/xtramagazine.it\/it\/the-arco-lamp\/\" data-type=\"post\" data-id=\"3199\" target=\"_self\">la lampada Arco in edizione limitata<\/a><\/em><\/p>\n\n\n\n<p class=\"translation-block\">Arco K, questo il nome dell\u2019edizione limitata, \u00e8 acquistabile solo su prenotazione, con lunghi tempi di attesa, data la complessit\u00e0 della realizzazione. <strong><a href=\"http:\/\/flos.com\/\" target=\"_blank\" rel=\"noreferrer noopener\">Flos.com<\/a><\/strong><\/p>\n\n\n\n<figure class=\"wp-block-image size-full\"><img loading=\"lazy\" decoding=\"async\" width=\"750\" height=\"1000\" src=\"https:\/\/xtramagazine.it\/wp-content\/uploads\/2022\/06\/ARCO_K_2022_LimitedEdition_Mattia-Balsamini_-14.jpg\" alt=\"\" class=\"wp-image-3197\" title=\"\" srcset=\"https:\/\/xtramagazine.it\/wp-content\/uploads\/2022\/06\/ARCO_K_2022_LimitedEdition_Mattia-Balsamini_-14.jpg 750w, https:\/\/xtramagazine.it\/wp-content\/uploads\/2022\/06\/ARCO_K_2022_LimitedEdition_Mattia-Balsamini_-14-225x300.jpg 225w, https:\/\/xtramagazine.it\/wp-content\/uploads\/2022\/06\/ARCO_K_2022_LimitedEdition_Mattia-Balsamini_-14-9x12.jpg 9w\" sizes=\"(max-width: 750px) 100vw, 750px\" \/><\/figure>\n\n\n\n<h2 class=\"wp-block-heading\">9) Le Bambole: un'icona rivisitata<\/h2>\n\n\n\n<p>In occasione della Milano Design Week 2022, B&amp;B Italia ha presentato una riedizione degli imbottiti della collezione Le Bambole, disegnata da Mario Bellini nel 1972. Per celebrare il cinquantesimo anniversario, Le Bambole si presentano in una nuova veste, con nuovi rivestimenti e materiali sostenibili. <\/p>\n\n\n\n<p class=\"has-text-align-right translation-block\"><em>Scopri <a href=\"https:\/\/xtramagazine.it\/it\/le-bambole-reloaded\/\" data-type=\"post\" data-id=\"3186\" target=\"_self\">la nuova versione di Le Bambole<\/a><\/em><\/p>\n\n\n\n<p class=\"translation-block\">La morbidezza della seduta \u00e8 garantita da accorgimenti costruttivi, che permettono di ridurre al minimo la quantit\u00e0 di poliuretano impiegata. Oggi, inoltre, la struttura \u00e8 in polietilene riciclato, con elementi in poliuretano espanso ed elastomeri termoplastici, con un sottorivestimento in PET riciclato. <strong><a href=\"https:\/\/www.bebitalia.com\/en-us\/\" target=\"_blank\" rel=\"noreferrer noopener\">Bebitalia.com<\/a><\/strong><\/p>\n\n\n\n<figure class=\"wp-block-image size-full\"><img loading=\"lazy\" decoding=\"async\" width=\"749\" height=\"1000\" src=\"https:\/\/xtramagazine.it\/wp-content\/uploads\/2022\/06\/Le-Bambole_Stella-McCartneyXBB-Italia_03.jpg\" alt=\"\" class=\"wp-image-3193\" title=\"\" srcset=\"https:\/\/xtramagazine.it\/wp-content\/uploads\/2022\/06\/Le-Bambole_Stella-McCartneyXBB-Italia_03.jpg 749w, https:\/\/xtramagazine.it\/wp-content\/uploads\/2022\/06\/Le-Bambole_Stella-McCartneyXBB-Italia_03-225x300.jpg 225w, https:\/\/xtramagazine.it\/wp-content\/uploads\/2022\/06\/Le-Bambole_Stella-McCartneyXBB-Italia_03-9x12.jpg 9w\" sizes=\"(max-width: 749px) 100vw, 749px\" \/><figcaption>Le Bambole, special edition with covering by Stella McCartney<\/figcaption><\/figure>\n\n\n\n<h2 class=\"wp-block-heading\">10) Il Cactus di Gufram by Andy Warhol<\/h2>\n\n\n\n<p>Nel 2022, ricorre il cinquantesimo anniversario della nascita del Cactus, l\u2019icona del design made in Italy. Progettata da Guido Rocco e Fabio Mello nel 1972, il Cactus di Gufram \u00e8 uno degli esempi pi\u00f9 rappresentativi del Radical Design, il design anticonformista che ha caratterizzato gli anni Sessanta e Settanta.\u00a0<\/p>\n\n\n\n<p class=\"has-text-align-right\"><em>Scopri il <a href=\"https:\/\/xtramagazine.it\/it\/andy-warhol-gufram\/\" data-type=\"post\" data-id=\"2551\">Cactus by Andy Warhol<\/a><\/em><\/p>\n\n\n\n<p class=\"translation-block\">Gufram oggi riedita quest\u2019icona senza tempo in una serie limitata di esemplari, nei colori Andy\u2019s Blue Cactus, Andy\u2019s Pink Cactus ed Andy\u2019s Yellow Cactus. I tre colori, che ricordano le celebri serigrafie, nascono da una collaborazione tra The Andy Warhol Foundation of Visual Arts e Gufram. <strong><a href=\"https:\/\/www.gufram.it\/\" target=\"_blank\" rel=\"noreferrer noopener\">Gufram.it<\/a><\/strong><\/p>\n\n\n\n<figure class=\"wp-block-image size-full\"><img loading=\"lazy\" decoding=\"async\" width=\"666\" height=\"1000\" src=\"https:\/\/xtramagazine.it\/wp-content\/uploads\/2022\/04\/ANDYS-CACTUS_galleria_verticali_03.jpg\" alt=\"\" class=\"wp-image-2559\" title=\"\" srcset=\"https:\/\/xtramagazine.it\/wp-content\/uploads\/2022\/04\/ANDYS-CACTUS_galleria_verticali_03.jpg 666w, https:\/\/xtramagazine.it\/wp-content\/uploads\/2022\/04\/ANDYS-CACTUS_galleria_verticali_03-200x300.jpg 200w, https:\/\/xtramagazine.it\/wp-content\/uploads\/2022\/04\/ANDYS-CACTUS_galleria_verticali_03-8x12.jpg 8w\" sizes=\"(max-width: 666px) 100vw, 666px\" \/><\/figure>","protected":false},"excerpt":{"rendered":"<p>From Milan Design Week 2022 1) The House of Lyria Lyria is a textile mill in Prato, in the heart of the Italian textile industry district. Founded in 2002 based on an idea by Riccardo Bruni, Lyria has been creating fabrics for fashion designers worldwide for 20 years, focusing on sustainability. At Milan Design Week [&hellip;]<\/p>\n","protected":false},"author":1,"featured_media":2099,"comment_status":"open","ping_status":"open","sticky":false,"template":"","format":"standard","meta":{"footnotes":""},"categories":[2],"tags":[],"class_list":["post-3322","post","type-post","status-publish","format-standard","has-post-thumbnail","hentry","category-design"],"_links":{"self":[{"href":"https:\/\/xtramagazine.it\/it\/wp-json\/wp\/v2\/posts\/3322","targetHints":{"allow":["GET"]}}],"collection":[{"href":"https:\/\/xtramagazine.it\/it\/wp-json\/wp\/v2\/posts"}],"about":[{"href":"https:\/\/xtramagazine.it\/it\/wp-json\/wp\/v2\/types\/post"}],"author":[{"embeddable":true,"href":"https:\/\/xtramagazine.it\/it\/wp-json\/wp\/v2\/users\/1"}],"replies":[{"embeddable":true,"href":"https:\/\/xtramagazine.it\/it\/wp-json\/wp\/v2\/comments?post=3322"}],"version-history":[{"count":0,"href":"https:\/\/xtramagazine.it\/it\/wp-json\/wp\/v2\/posts\/3322\/revisions"}],"wp:featuredmedia":[{"embeddable":true,"href":"https:\/\/xtramagazine.it\/it\/wp-json\/wp\/v2\/media\/2099"}],"wp:attachment":[{"href":"https:\/\/xtramagazine.it\/it\/wp-json\/wp\/v2\/media?parent=3322"}],"wp:term":[{"taxonomy":"category","embeddable":true,"href":"https:\/\/xtramagazine.it\/it\/wp-json\/wp\/v2\/categories?post=3322"},{"taxonomy":"post_tag","embeddable":true,"href":"https:\/\/xtramagazine.it\/it\/wp-json\/wp\/v2\/tags?post=3322"}],"curies":[{"name":"wp","href":"https:\/\/api.w.org\/{rel}","templated":true}]}}